{"id":293,"date":"2026-04-21T11:57:14","date_gmt":"2026-04-21T08:57:14","guid":{"rendered":"https:\/\/monikkoperheet.fi\/keski-suomi\/?p=293"},"modified":"2026-04-27T18:50:59","modified_gmt":"2026-04-27T15:50:59","slug":"monikkokahvila","status":"publish","type":"post","link":"https:\/\/monikkoperheet.fi\/keski-suomi\/monikkokahvila\/","title":{"rendered":"Monikkokahvilat"},"content":{"rendered":"\n<div style=\"height:20px\" aria-hidden=\"true\" class=\"wp-block-spacer\"><\/div>\n\n\n\n<h4 class=\"wp-block-heading\">Haluaisitko tavata toisia monikkoperheit\u00e4?<\/h4>\n\n\n\n<div style=\"height:15px\" aria-hidden=\"true\" class=\"wp-block-spacer\"><\/div>\n\n\n\n<p>Keski-Suomen Monikkoperheet ry:n Monikkokahvila on matalan kynnyksen kohtaamispaikka monikko-odottajille ja monikkoperheille lapsineen (vauva- ja taaperoik\u00e4iset). Mukaan tuleminen ei edellyt\u00e4 yhdistyksen j\u00e4senyytt\u00e4.<\/p>\n\n\n\n<p>Paikalle voi saapua omaan tahtiin, eik\u00e4 mukaan tarvitse ilmoittautua. Yhdistyksemme tarjoaa kahvit ja teet sek\u00e4 pient\u00e4 purtavaa.<\/p>\n\n\n\n<p>Alta l\u00f6yd\u00e4t tiedot seuraavista monikkokahviloista. <\/p>\n\n\n\n<p>L\u00e4mpim\u00e4sti tervetuloa mukaan!<\/p>\n\n\n\n<div class=\"wp-block-group\"><div class=\"wp-block-group__inner-container is-layout-constrained wp-block-group-is-layout-constrained\">\n<div class=\"wp-block-columns are-vertically-aligned-center is-layout-flex wp-container-core-columns-is-layout-9d6595d7 wp-block-columns-is-layout-flex\">\n<div class=\"wp-block-column is-vertically-aligned-center is-layout-flow wp-block-column-is-layout-flow\" style=\"flex-basis:50%\">\n<p><strong>Paikka: Kuokkalan perhekeskus<br>Osoite: Polttolinja 9<br><br>Seuraavat tapaamiset kev\u00e4\u00e4ll\u00e4 2026:<br>KE 6.5.2026 klo 9:30 &#8211; 11.30<br>PE 22.5.2026 klo 9:30 &#8211; 11.30<\/strong><\/p>\n\n\n\n<p><\/p>\n\n\n\n<p><\/p>\n\n\n\n<p><\/p>\n\n\n\n<p>Syksyll\u00e4 2026 j\u00e4rjestet\u00e4\u00e4n seuraavat monikkokahvilat Kuokkalan perhekeskuksella:<\/p>\n\n\n\n<p><strong>Iltaperhekahvilat kerran kuussa:<\/strong><\/p>\n\n\n\n<p>Ke 5.8.2026 klo 17-19<br>To 10.9.2026 klo 17-19<br>Ke 7.10.2026 klo 17-19<br>Ke 4.11.2026 klo 17-19<br>Ti 1.12.2026 klo 17-19<\/p>\n\n\n\n<p><strong>Aamup\u00e4iv\u00e4kahvilat parillisten viikkojen perjantaisin:<\/strong><\/p>\n\n\n\n<p>Ensimm\u00e4inen tapaaminen pe 7.8.2026 klo 9.30-11.30<\/p>\n<\/div>\n\n\n\n<div class=\"wp-block-column is-vertically-aligned-center is-layout-flow wp-block-column-is-layout-flow\" style=\"flex-basis:50%\">\n<figure class=\"wp-block-image is-resized\"><img loading=\"lazy\" decoding=\"async\" width=\"724\" height=\"1024\" src=\"https:\/\/monikkoperheet.fi\/keski-suomi\/wp-content\/uploads\/sites\/13\/2025\/01\/Monikkokahvila_kevat2026-724x1024.jpeg\" alt=\"\" class=\"wp-image-467\" style=\"width:431px;height:auto\" srcset=\"https:\/\/monikkoperheet.fi\/keski-suomi\/wp-content\/uploads\/sites\/13\/2025\/01\/Monikkokahvila_kevat2026-724x1024.jpeg 724w, https:\/\/monikkoperheet.fi\/keski-suomi\/wp-content\/uploads\/sites\/13\/2025\/01\/Monikkokahvila_kevat2026-212x300.jpeg 212w, https:\/\/monikkoperheet.fi\/keski-suomi\/wp-content\/uploads\/sites\/13\/2025\/01\/Monikkokahvila_kevat2026-768x1086.jpeg 768w, https:\/\/monikkoperheet.fi\/keski-suomi\/wp-content\/uploads\/sites\/13\/2025\/01\/Monikkokahvila_kevat2026-1086x1536.jpeg 1086w, https:\/\/monikkoperheet.fi\/keski-suomi\/wp-content\/uploads\/sites\/13\/2025\/01\/Monikkokahvila_kevat2026.jpeg 1131w\" sizes=\"auto, (max-width: 724px) 100vw, 724px\" \/><\/figure>\n<\/div>\n<\/div>\n<\/div><\/div>\n\n\n\n<p><\/p>\n\n\n\n<p>Jos haluat kysy\u00e4 monikkokahvilatoiminnasta etuk\u00e4teen, laita rohkeasti viesti\u00e4 ks.monikot@gmail.com<\/p>\n","protected":false},"excerpt":{"rendered":"<p>Haluaisitko tavata toisia monikkoperheit\u00e4? Keski-Suomen Monikkoperheet ry:n Monikkokahvila on matalan kynnyksen kohtaamispaikka monikko-odottajille ja monikkoperheille lapsineen (vauva- ja taaperoik\u00e4iset). Mukaan tuleminen ei edellyt\u00e4 yhdistyksen j\u00e4senyytt\u00e4. Paikalle voi saapua omaan tahtiin, eik\u00e4 mukaan tarvitse ilmoittautua. Yhdistyksemme tarjoaa kahvit ja teet sek\u00e4 pient\u00e4 purtavaa. Alta l\u00f6yd\u00e4t tiedot seuraavista monikkokahviloista. L\u00e4mpim\u00e4sti tervetuloa mukaan! Paikka: Kuokkalan perhekeskusOsoite: Polttolinja 9 [&hellip;]<\/p>\n","protected":false},"author":2,"featured_media":491,"comment_status":"open","ping_status":"open","sticky":false,"template":"","format":"standard","meta":{"_acf_changed":false,"footnotes":""},"categories":[1],"tags":[6,7],"class_list":["post-293","post","type-post","status-publish","format-standard","has-post-thumbnail","hentry","category-ajankohtaista","tag-monikkokahvila","tag-vertaistapahtuma"],"acf":[],"aioseo_notices":[],"_links":{"self":[{"href":"https:\/\/monikkoperheet.fi\/keski-suomi\/wp-json\/wp\/v2\/posts\/293","targetHints":{"allow":["GET"]}}],"collection":[{"href":"https:\/\/monikkoperheet.fi\/keski-suomi\/wp-json\/wp\/v2\/posts"}],"about":[{"href":"https:\/\/monikkoperheet.fi\/keski-suomi\/wp-json\/wp\/v2\/types\/post"}],"author":[{"embeddable":true,"href":"https:\/\/monikkoperheet.fi\/keski-suomi\/wp-json\/wp\/v2\/users\/2"}],"replies":[{"embeddable":true,"href":"https:\/\/monikkoperheet.fi\/keski-suomi\/wp-json\/wp\/v2\/comments?post=293"}],"version-history":[{"count":19,"href":"https:\/\/monikkoperheet.fi\/keski-suomi\/wp-json\/wp\/v2\/posts\/293\/revisions"}],"predecessor-version":[{"id":494,"href":"https:\/\/monikkoperheet.fi\/keski-suomi\/wp-json\/wp\/v2\/posts\/293\/revisions\/494"}],"wp:featuredmedia":[{"embeddable":true,"href":"https:\/\/monikkoperheet.fi\/keski-suomi\/wp-json\/wp\/v2\/media\/491"}],"wp:attachment":[{"href":"https:\/\/monikkoperheet.fi\/keski-suomi\/wp-json\/wp\/v2\/media?parent=293"}],"wp:term":[{"taxonomy":"category","embeddable":true,"href":"https:\/\/monikkoperheet.fi\/keski-suomi\/wp-json\/wp\/v2\/categories?post=293"},{"taxonomy":"post_tag","embeddable":true,"href":"https:\/\/monikkoperheet.fi\/keski-suomi\/wp-json\/wp\/v2\/tags?post=293"}],"curies":[{"name":"wp","href":"https:\/\/api.w.org\/{rel}","templated":true}]}}