{"id":377,"date":"2025-03-08T11:11:32","date_gmt":"2025-03-08T09:11:32","guid":{"rendered":"https:\/\/monikkoperheet.fi\/pohjois-karjala\/?p=377"},"modified":"2025-03-08T11:11:33","modified_gmt":"2025-03-08T09:11:33","slug":"kevatkokouskutsu","status":"publish","type":"post","link":"https:\/\/monikkoperheet.fi\/pohjois-karjala\/kevatkokouskutsu\/","title":{"rendered":"Kev\u00e4tkokouskutsu"},"content":{"rendered":"\n<p>Pohjois-Karjalan Monikkoperheet ry:n s\u00e4\u00e4nt\u00f6m\u00e4\u00e4r\u00e4inen <strong>kev\u00e4tkokous<\/strong> pidet\u00e4\u00e4n su &nbsp;16.3.2025 klo 14.00 Lykynlammella.<\/p>\n\n\n\n<p>Kokouksessa k\u00e4sitell\u00e4\u00e4n yhdistyksen s\u00e4\u00e4nt\u00f6jen 12\u00a7:n m\u00e4\u00e4r\u00e4\u00e4m\u00e4t asiat.<\/p>\n\n\n\n<p>Kokouksessa p\u00e4\u00e4tet\u00e4\u00e4n my\u00f6s yhdistyksen s\u00e4\u00e4nt\u00f6jen muuttamisesta.<\/p>\n\n\n\n<p>Tervetuloa!&nbsp;&nbsp;&nbsp;&nbsp;&nbsp;&nbsp;&nbsp;&nbsp;&nbsp;&nbsp;&nbsp;&nbsp;&nbsp;&nbsp;&nbsp;&nbsp;&nbsp;&nbsp;&nbsp;&nbsp;&nbsp;&nbsp;&nbsp;&nbsp;&nbsp;&nbsp;&nbsp;&nbsp;&nbsp;&nbsp;&nbsp;&nbsp;&nbsp;&nbsp;&nbsp;&nbsp;&nbsp;&nbsp;&nbsp;&nbsp;&nbsp;&nbsp;&nbsp;&nbsp;&nbsp;&nbsp;&nbsp;&nbsp;&nbsp;&nbsp;&nbsp;&nbsp;&nbsp;&nbsp;&nbsp;&nbsp;&nbsp;&nbsp;&nbsp;&nbsp;&nbsp;&nbsp;&nbsp;&nbsp;&nbsp;&nbsp;&nbsp;&nbsp;&nbsp;&nbsp;&nbsp;&nbsp;&nbsp;&nbsp;&nbsp;&nbsp;&nbsp;&nbsp;&nbsp;&nbsp;&nbsp;&nbsp;&nbsp;&nbsp;&nbsp;&nbsp;&nbsp;<\/p>\n\n\n\n<p>Pohjois-Karjalan Monikkoperheet yhdistyksen hallitus<\/p>\n\n\n\n<p><\/p>\n","protected":false},"excerpt":{"rendered":"<p>Pohjois-Karjalan Monikkoperheet ry:n s\u00e4\u00e4nt\u00f6m\u00e4\u00e4r\u00e4inen kev\u00e4tkokous pidet\u00e4\u00e4n su &nbsp;16.3.2025 klo 14.00 Lykynlammella. Kokouksessa k\u00e4sitell\u00e4\u00e4n yhdistyksen s\u00e4\u00e4nt\u00f6jen 12\u00a7:n m\u00e4\u00e4r\u00e4\u00e4m\u00e4t asiat. Kokouksessa p\u00e4\u00e4tet\u00e4\u00e4n my\u00f6s yhdistyksen s\u00e4\u00e4nt\u00f6jen muuttamisesta. Tervetuloa!&nbsp;&nbsp;&nbsp;&nbsp;&nbsp;&nbsp;&nbsp;&nbsp;&nbsp;&nbsp;&nbsp;&nbsp;&nbsp;&nbsp;&nbsp;&nbsp;&nbsp;&nbsp;&nbsp;&nbsp;&nbsp;&nbsp;&nbsp;&nbsp;&nbsp;&nbsp;&nbsp;&nbsp;&nbsp;&nbsp;&nbsp;&nbsp;&nbsp;&nbsp;&nbsp;&nbsp;&nbsp;&nbsp;&nbsp;&nbsp;&nbsp;&nbsp;&nbsp;&nbsp;&nbsp;&nbsp;&nbsp;&nbsp;&nbsp;&nbsp;&nbsp;&nbsp;&nbsp;&nbsp;&nbsp;&nbsp;&nbsp;&nbsp;&nbsp;&nbsp;&nbsp;&nbsp;&nbsp;&nbsp;&nbsp;&nbsp;&nbsp;&nbsp;&nbsp;&nbsp;&nbsp;&nbsp;&nbsp;&nbsp;&nbsp;&nbsp;&nbsp;&nbsp;&nbsp;&nbsp;&nbsp;&nbsp;&nbsp;&nbsp;&nbsp;&nbsp;&nbsp; Pohjois-Karjalan Monikkoperheet yhdistyksen hallitus<\/p>\n","protected":false},"author":13,"featured_media":146,"comment_status":"open","ping_status":"open","sticky":false,"template":"","format":"standard","meta":{"_acf_changed":false,"footnotes":""},"categories":[1],"tags":[],"class_list":["post-377","post","type-post","status-publish","format-standard","has-post-thumbnail","hentry","category-ajankohtaista"],"acf":[],"aioseo_notices":[],"_links":{"self":[{"href":"https:\/\/monikkoperheet.fi\/pohjois-karjala\/wp-json\/wp\/v2\/posts\/377","targetHints":{"allow":["GET"]}}],"collection":[{"href":"https:\/\/monikkoperheet.fi\/pohjois-karjala\/wp-json\/wp\/v2\/posts"}],"about":[{"href":"https:\/\/monikkoperheet.fi\/pohjois-karjala\/wp-json\/wp\/v2\/types\/post"}],"author":[{"embeddable":true,"href":"https:\/\/monikkoperheet.fi\/pohjois-karjala\/wp-json\/wp\/v2\/users\/13"}],"replies":[{"embeddable":true,"href":"https:\/\/monikkoperheet.fi\/pohjois-karjala\/wp-json\/wp\/v2\/comments?post=377"}],"version-history":[{"count":1,"href":"https:\/\/monikkoperheet.fi\/pohjois-karjala\/wp-json\/wp\/v2\/posts\/377\/revisions"}],"predecessor-version":[{"id":378,"href":"https:\/\/monikkoperheet.fi\/pohjois-karjala\/wp-json\/wp\/v2\/posts\/377\/revisions\/378"}],"wp:featuredmedia":[{"embeddable":true,"href":"https:\/\/monikkoperheet.fi\/pohjois-karjala\/wp-json\/wp\/v2\/media\/146"}],"wp:attachment":[{"href":"https:\/\/monikkoperheet.fi\/pohjois-karjala\/wp-json\/wp\/v2\/media?parent=377"}],"wp:term":[{"taxonomy":"category","embeddable":true,"href":"https:\/\/monikkoperheet.fi\/pohjois-karjala\/wp-json\/wp\/v2\/categories?post=377"},{"taxonomy":"post_tag","embeddable":true,"href":"https:\/\/monikkoperheet.fi\/pohjois-karjala\/wp-json\/wp\/v2\/tags?post=377"}],"curies":[{"name":"wp","href":"https:\/\/api.w.org\/{rel}","templated":true}]}}