{"id":235,"date":"2025-12-09T10:19:47","date_gmt":"2025-12-09T08:19:47","guid":{"rendered":"https:\/\/monikkoperheet.fi\/pori\/?p=235"},"modified":"2025-12-09T10:19:48","modified_gmt":"2025-12-09T08:19:48","slug":"vuosikokous","status":"publish","type":"post","link":"https:\/\/monikkoperheet.fi\/pori\/vuosikokous\/","title":{"rendered":"Vuosikokous"},"content":{"rendered":"\n<div style=\"height:15px\" aria-hidden=\"true\" class=\"wp-block-spacer\"><\/div>\n\n\n\n<h4 class=\"wp-block-heading\">Porin Seudun Monikkoperheet ry tarvitsee uusia toimijoita<\/h4>\n\n\n\n<div style=\"height:15px\" aria-hidden=\"true\" class=\"wp-block-spacer\"><\/div>\n\n\n\n<p><strong>Yhdistyksen vuosikokous pidet\u00e4\u00e4n torstaina 11.12.2025 klo 18 ABC Tikkulassa Porissa. <\/strong><\/p>\n\n\n\n<p>Yhdistyksen jatko on vaakalaudalla ja toivoisimmekin uusia hallituslaisia tai toimintaan muutoin mukaan haluavia tulemaan paikalle tai muutoin ilmaisemaan kiinnostuksen ty\u00f6skentelyst\u00e4 hallituksessa.<br>Hallitus kokoontuu n. 4 kertaa vuodessa kokousten merkeiss\u00e4 ja muutoin suunnittelemme tapahtumia yhdess\u00e4 viestitellen.<\/p>\n\n\n\n<p>Tule kuulemaan lis\u00e4\u00e4 hallituksessa toimimisesta!<\/p>\n\n\n\n<p>Yhteydenotot: porinseudunmonikkoperheet@gmail.com<\/p>\n\n\n\n<figure class=\"wp-block-image size-large is-resized\"><img loading=\"lazy\" decoding=\"async\" width=\"819\" height=\"1024\" src=\"https:\/\/monikkoperheet.fi\/pori\/wp-content\/uploads\/sites\/18\/2025\/12\/Porin-Seudun-Monikkoperheet-vuosikokous11122025-819x1024.jpg\" alt=\"\" class=\"wp-image-236\" style=\"width:392px;height:auto\" srcset=\"https:\/\/monikkoperheet.fi\/pori\/wp-content\/uploads\/sites\/18\/2025\/12\/Porin-Seudun-Monikkoperheet-vuosikokous11122025-819x1024.jpg 819w, https:\/\/monikkoperheet.fi\/pori\/wp-content\/uploads\/sites\/18\/2025\/12\/Porin-Seudun-Monikkoperheet-vuosikokous11122025-240x300.jpg 240w, https:\/\/monikkoperheet.fi\/pori\/wp-content\/uploads\/sites\/18\/2025\/12\/Porin-Seudun-Monikkoperheet-vuosikokous11122025-768x960.jpg 768w, https:\/\/monikkoperheet.fi\/pori\/wp-content\/uploads\/sites\/18\/2025\/12\/Porin-Seudun-Monikkoperheet-vuosikokous11122025-1229x1536.jpg 1229w, https:\/\/monikkoperheet.fi\/pori\/wp-content\/uploads\/sites\/18\/2025\/12\/Porin-Seudun-Monikkoperheet-vuosikokous11122025-1200x1500.jpg 1200w, https:\/\/monikkoperheet.fi\/pori\/wp-content\/uploads\/sites\/18\/2025\/12\/Porin-Seudun-Monikkoperheet-vuosikokous11122025.jpg 1440w\" sizes=\"auto, (max-width: 819px) 100vw, 819px\" \/><\/figure>\n\n\n\n<figure class=\"wp-block-image size-large is-resized\"><img loading=\"lazy\" decoding=\"async\" width=\"819\" height=\"1024\" src=\"https:\/\/monikkoperheet.fi\/pori\/wp-content\/uploads\/sites\/18\/2025\/12\/Porin-Seudun-Monikkoperheet-vuosikokous11122025-esityslista-819x1024.jpg\" alt=\"\" class=\"wp-image-237\" style=\"aspect-ratio:0.7998214684222272;width:386px;height:auto\" srcset=\"https:\/\/monikkoperheet.fi\/pori\/wp-content\/uploads\/sites\/18\/2025\/12\/Porin-Seudun-Monikkoperheet-vuosikokous11122025-esityslista-819x1024.jpg 819w, https:\/\/monikkoperheet.fi\/pori\/wp-content\/uploads\/sites\/18\/2025\/12\/Porin-Seudun-Monikkoperheet-vuosikokous11122025-esityslista-240x300.jpg 240w, https:\/\/monikkoperheet.fi\/pori\/wp-content\/uploads\/sites\/18\/2025\/12\/Porin-Seudun-Monikkoperheet-vuosikokous11122025-esityslista-768x960.jpg 768w, https:\/\/monikkoperheet.fi\/pori\/wp-content\/uploads\/sites\/18\/2025\/12\/Porin-Seudun-Monikkoperheet-vuosikokous11122025-esityslista-1229x1536.jpg 1229w, https:\/\/monikkoperheet.fi\/pori\/wp-content\/uploads\/sites\/18\/2025\/12\/Porin-Seudun-Monikkoperheet-vuosikokous11122025-esityslista-1200x1500.jpg 1200w, https:\/\/monikkoperheet.fi\/pori\/wp-content\/uploads\/sites\/18\/2025\/12\/Porin-Seudun-Monikkoperheet-vuosikokous11122025-esityslista.jpg 1440w\" sizes=\"auto, (max-width: 819px) 100vw, 819px\" \/><\/figure>\n","protected":false},"excerpt":{"rendered":"<p>Porin Seudun Monikkoperheet ry tarvitsee uusia toimijoita Yhdistyksen vuosikokous pidet\u00e4\u00e4n torstaina 11.12.2025 klo 18 ABC Tikkulassa Porissa. Yhdistyksen jatko on vaakalaudalla ja toivoisimmekin uusia hallituslaisia tai toimintaan muutoin mukaan haluavia tulemaan paikalle tai muutoin ilmaisemaan kiinnostuksen ty\u00f6skentelyst\u00e4 hallituksessa.Hallitus kokoontuu n. 4 kertaa vuodessa kokousten merkeiss\u00e4 ja muutoin suunnittelemme tapahtumia yhdess\u00e4 viestitellen. Tule kuulemaan lis\u00e4\u00e4 hallituksessa [&hellip;]<\/p>\n","protected":false},"author":2,"featured_media":236,"comment_status":"open","ping_status":"open","sticky":false,"template":"","format":"standard","meta":{"_acf_changed":false,"footnotes":""},"categories":[1],"tags":[],"class_list":["post-235","post","type-post","status-publish","format-standard","has-post-thumbnail","hentry","category-ajankohtaista"],"acf":[],"aioseo_notices":[],"_links":{"self":[{"href":"https:\/\/monikkoperheet.fi\/pori\/wp-json\/wp\/v2\/posts\/235","targetHints":{"allow":["GET"]}}],"collection":[{"href":"https:\/\/monikkoperheet.fi\/pori\/wp-json\/wp\/v2\/posts"}],"about":[{"href":"https:\/\/monikkoperheet.fi\/pori\/wp-json\/wp\/v2\/types\/post"}],"author":[{"embeddable":true,"href":"https:\/\/monikkoperheet.fi\/pori\/wp-json\/wp\/v2\/users\/2"}],"replies":[{"embeddable":true,"href":"https:\/\/monikkoperheet.fi\/pori\/wp-json\/wp\/v2\/comments?post=235"}],"version-history":[{"count":1,"href":"https:\/\/monikkoperheet.fi\/pori\/wp-json\/wp\/v2\/posts\/235\/revisions"}],"predecessor-version":[{"id":238,"href":"https:\/\/monikkoperheet.fi\/pori\/wp-json\/wp\/v2\/posts\/235\/revisions\/238"}],"wp:featuredmedia":[{"embeddable":true,"href":"https:\/\/monikkoperheet.fi\/pori\/wp-json\/wp\/v2\/media\/236"}],"wp:attachment":[{"href":"https:\/\/monikkoperheet.fi\/pori\/wp-json\/wp\/v2\/media?parent=235"}],"wp:term":[{"taxonomy":"category","embeddable":true,"href":"https:\/\/monikkoperheet.fi\/pori\/wp-json\/wp\/v2\/categories?post=235"},{"taxonomy":"post_tag","embeddable":true,"href":"https:\/\/monikkoperheet.fi\/pori\/wp-json\/wp\/v2\/tags?post=235"}],"curies":[{"name":"wp","href":"https:\/\/api.w.org\/{rel}","templated":true}]}}